{"id":995,"date":"2022-04-02T01:11:13","date_gmt":"2022-04-01T23:11:13","guid":{"rendered":"https:\/\/alevitentum.com\/?p=995"},"modified":"2022-04-02T02:57:52","modified_gmt":"2022-04-02T00:57:52","slug":"berlinde-alevi-yasami","status":"publish","type":"post","link":"https:\/\/alevitentum.com\/?p=995","title":{"rendered":"Berlin&#8217;de Alevi Ya\u015fam\u0131"},"content":{"rendered":"<p>[et_pb_section fb_built=&#8220;1&#8243; _builder_version=&#8220;4.16.0&#8243; _module_preset=&#8220;default&#8220; global_colors_info=&#8220;{}&#8220;][et_pb_row _builder_version=&#8220;4.16.0&#8243; _module_preset=&#8220;default&#8220; global_colors_info=&#8220;{}&#8220;][et_pb_column type=&#8220;4_4&#8243; _builder_version=&#8220;4.16.0&#8243; _module_preset=&#8220;default&#8220; global_colors_info=&#8220;{}&#8220;][et_pb_text _builder_version=&#8220;4.16.0&#8243; _module_preset=&#8220;default&#8220; global_colors_info=&#8220;{}&#8220;]<\/p>\n<p><strong>\u201eBerlin\u2019de Alevi Ya\u015fam\u0131<\/strong>\u201c \u00fczerine yapt\u0131\u011f\u0131m\u0131z ara\u015ft\u0131rmam\u0131z kitap format\u0131nda sadece Almanca olarak yay\u0131mland\u0131.<\/p>\n<p>T\u00fcrk\u00e7e bilen ilgililerin de yararlanabilmesi i\u00e7in kitaptaki grafik ve\u00a0 sorular T\u00fcrk\u00e7e seslendirilerek kullan\u0131m\u0131n\u0131z i\u00e7in haz\u0131rland\u0131.<\/p>\n<p>&nbsp;<\/p>\n<p>[\/et_pb_text][\/et_pb_column][\/et_pb_row][et_pb_row column_structure=&#8220;1_2,1_2&#8243; _builder_version=&#8220;4.16.0&#8243; _module_preset=&#8220;default&#8220; global_colors_info=&#8220;{}&#8220;][et_pb_column type=&#8220;1_2&#8243; _builder_version=&#8220;4.16.0&#8243; _module_preset=&#8220;default&#8220; global_colors_info=&#8220;{}&#8220;][et_pb_image src=&#8220;https:\/\/alevitentum.com\/wp-content\/uploads\/2022\/03\/KapakTR-2-e1648754170211.jpg&#8220; title_text=&#8220;KapakTR-2&#8243; _builder_version=&#8220;4.16.0&#8243; _module_preset=&#8220;default&#8220; global_colors_info=&#8220;{}&#8220;][\/et_pb_image][\/et_pb_column][et_pb_column type=&#8220;1_2&#8243; _builder_version=&#8220;4.16.0&#8243; _module_preset=&#8220;default&#8220; global_colors_info=&#8220;{}&#8220;][et_pb_text _builder_version=&#8220;4.16.0&#8243; _module_preset=&#8220;default&#8220; global_colors_info=&#8220;{}&#8220;]<\/p>\n<p>&nbsp;<\/p>\n<p style=\"text-align: center;\"><strong>\u00a9 Copyright<\/strong><\/p>\n<p>Bu \u00e7al\u0131\u015fmadaki veriler genel telif hakk\u0131 kurallar\u0131na uymak ko\u015fuluyla kullan\u0131labilir.<\/p>\n<p>Yapt\u0131\u011f\u0131m\u0131z T\u00fcrk\u00e7e \u00e7al\u0131\u015fmadan yararlanabilmeniz i\u00e7in sitemize e-mailinizle kaydolman\u0131z gerekmektedir. Kay\u0131t, tamamen \u00fccretsiz olup sadece keyfi kullan\u0131m ile olas\u0131 istismarlar\u0131\u00a0 \u00f6nleme ve ilgi duyanlara yararlanma f\u0131rsat\u0131 tan\u0131may\u0131 ama\u00e7lamaktad\u0131r.<\/p>\n<p>&nbsp;<\/p>\n<p style=\"text-align: center;\"><a href=\"https:\/\/alevitentum.com\/membership-join\/registration\/\">T\u00fcrk\u00e7e verilerden yararlanmak i\u00e7in kayd\u0131n\u0131z\u0131 yap\u0131n\u0131z \/ Registrierung<\/a><\/p>\n<p>[\/et_pb_text][\/et_pb_column][\/et_pb_row][\/et_pb_section]<\/p>\n","protected":false},"excerpt":{"rendered":"<p>[et_pb_section fb_built=&#8220;1&#8243; _builder_version=&#8220;4.16.0&#8243; _module_preset=&#8220;default&#8220; global_colors_info=&#8220;{}&#8220;][et_pb_row _builder_version=&#8220;4.16.0&#8243; _module_preset=&#8220;default&#8220; global_colors_info=&#8220;{}&#8220;][et_pb_column type=&#8220;4_4&#8243; _builder_version=&#8220;4.16.0&#8243; _module_preset=&#8220;default&#8220; global_colors_info=&#8220;{}&#8220;][et_pb_text _builder_version=&#8220;4.16.0&#8243; _module_preset=&#8220;default&#8220; global_colors_info=&#8220;{}&#8220;] \u201eBerlin\u2019de Alevi Ya\u015fam\u0131\u201c \u00fczerine yapt\u0131\u011f\u0131m\u0131z ara\u015ft\u0131rmam\u0131z kitap format\u0131nda sadece Almanca olarak yay\u0131mland\u0131. T\u00fcrk\u00e7e bilen ilgililerin de yararlanabilmesi i\u00e7in kitaptaki grafik ve\u00a0 sorular T\u00fcrk\u00e7e seslendirilerek kullan\u0131m\u0131n\u0131z i\u00e7in haz\u0131rland\u0131. &nbsp; [\/et_pb_text][\/et_pb_column][\/et_pb_row][et_pb_row column_structure=&#8220;1_2,1_2&#8243; _builder_version=&#8220;4.16.0&#8243; _module_preset=&#8220;default&#8220; global_colors_info=&#8220;{}&#8220;][et_pb_column type=&#8220;1_2&#8243; _builder_version=&#8220;4.16.0&#8243; _module_preset=&#8220;default&#8220; global_colors_info=&#8220;{}&#8220;][et_pb_image src=&#8220;https:\/\/alevitentum.com\/wp-content\/uploads\/2022\/03\/KapakTR-2-e1648754170211.jpg&#8220; title_text=&#8220;KapakTR-2&#8243; _builder_version=&#8220;4.16.0&#8243; [&hellip;]<\/p>\n","protected":false},"author":1,"featured_media":0,"comment_status":"open","ping_status":"closed","sticky":false,"template":"","format":"standard","meta":{"footnotes":""},"categories":[1],"tags":[],"class_list":["post-995","post","type-post","status-publish","format-standard","hentry","category-uncategorisiert","no-thumb"],"_links":{"self":[{"href":"https:\/\/alevitentum.com\/index.php?rest_route=\/wp\/v2\/posts\/995","targetHints":{"allow":["GET"]}}],"collection":[{"href":"https:\/\/alevitentum.com\/index.php?rest_route=\/wp\/v2\/posts"}],"about":[{"href":"https:\/\/alevitentum.com\/index.php?rest_route=\/wp\/v2\/types\/post"}],"author":[{"embeddable":true,"href":"https:\/\/alevitentum.com\/index.php?rest_route=\/wp\/v2\/users\/1"}],"replies":[{"embeddable":true,"href":"https:\/\/alevitentum.com\/index.php?rest_route=%2Fwp%2Fv2%2Fcomments&post=995"}],"version-history":[{"count":2,"href":"https:\/\/alevitentum.com\/index.php?rest_route=\/wp\/v2\/posts\/995\/revisions"}],"predecessor-version":[{"id":1055,"href":"https:\/\/alevitentum.com\/index.php?rest_route=\/wp\/v2\/posts\/995\/revisions\/1055"}],"wp:attachment":[{"href":"https:\/\/alevitentum.com\/index.php?rest_route=%2Fwp%2Fv2%2Fmedia&parent=995"}],"wp:term":[{"taxonomy":"category","embeddable":true,"href":"https:\/\/alevitentum.com\/index.php?rest_route=%2Fwp%2Fv2%2Fcategories&post=995"},{"taxonomy":"post_tag","embeddable":true,"href":"https:\/\/alevitentum.com\/index.php?rest_route=%2Fwp%2Fv2%2Ftags&post=995"}],"curies":[{"name":"wp","href":"https:\/\/api.w.org\/{rel}","templated":true}]}}